{"id":4818,"date":"2024-01-08T14:12:02","date_gmt":"2024-01-08T13:12:02","guid":{"rendered":"https:\/\/www.pharmacie-homeopathie.com\/blog\/?p=4818"},"modified":"2025-09-12T08:53:24","modified_gmt":"2025-09-12T06:53:24","slug":"chut-je-dors-apologie-de-la-micro-sieste","status":"publish","type":"post","link":"https:\/\/www.pharmacie-homeopathie.com\/blog\/chut-je-dors-apologie-de-la-micro-sieste\/","title":{"rendered":"Chut, je dors !"},"content":{"rendered":"<p>L&#8217;apologie des micro-siestes<br \/>\nUne micro-sieste est une courte p\u00e9riode de sommeil, g\u00e9n\u00e9ralement comprise entre 5 et 30 minutes.<\/p>\n<p>Elle permet au corps et \u00e0 l&#8217;esprit de se reposer et de r\u00e9cup\u00e9rer, tout en \u00e9vitant les effets d\u00e9sagr\u00e9ables d&#8217;un sommeil trop long, comme la somnolence ou la difficult\u00e9 \u00e0 se r\u00e9veiller.<\/p>\n<p>Apologie de la micro-sieste<br \/>\nHistoriquement, la sieste est pratiqu\u00e9e depuis des si\u00e8cles dans de nombreuses cultures \u00e0 travers le monde. Par exemple, dans de nombreuses r\u00e9gions m\u00e9diterran\u00e9ennes et certaines cultures latino-am\u00e9ricaines, la sieste de l&#8217;apr\u00e8s-midi est une partie int\u00e9grante du mode de vie quotidien, connue sous le nom de &#8220;siesta&#8221;. Cette pratique est souvent associ\u00e9e \u00e0 des climats chauds o\u00f9 une pause dans l&#8217;apr\u00e8s-midi permet d&#8217;\u00e9viter les temp\u00e9ratures les plus \u00e9lev\u00e9es.<br \/>\nC&#8217;est avec la mondialisation et l&#8217;\u00e9volution des modes de travail, en particulier dans les soci\u00e9t\u00e9s occidentales o\u00f9 le rythme de vie est plus rapide et les journ\u00e9es de travail plus longues, que la sieste traditionnelle a \u00e9volu\u00e9 pour devenir la micro-sieste. Cette \u00e9volution a \u00e9t\u00e9 motiv\u00e9e par la n\u00e9cessit\u00e9 de trouver un \u00e9quilibre entre les bienfaits du repos et les exigences du monde moderne.<br \/>\nEn outre, les recherches scientifiques sur le sommeil et la productivit\u00e9 ont contribu\u00e9 \u00e0 populariser leur essor et leur pratique. Des \u00e9tudes ont d\u00e9montr\u00e9 que m\u00eame une courte p\u00e9riode de sommeil peut recharger efficacement le cerveau, am\u00e9liorant la vigilance, la performance cognitive et l&#8217;humeur.<\/p>\n<p>Les micro-siestes pr\u00e9sentent de nombreux bienfaits !<br \/>\nAugmentation de la vigilance et de la concentration.<br \/>\nune micro-sieste peut aider \u00e0 am\u00e9liorer la concentration et la vigilance, ce qui peut \u00eatre b\u00e9n\u00e9fique pour les activit\u00e9s qui n\u00e9cessitent un effort mental important.<br \/>\nR\u00e9duction de la fatigue.<br \/>\nUne micro-sieste peut aider \u00e0 r\u00e9duire la fatigue et \u00e0 am\u00e9liorer l&#8217;humeur.<br \/>\nAm\u00e9lioration des performances cognitives :<br \/>\nUne micro-sieste peut aider \u00e0 am\u00e9liorer les performances cognitives, telles que la m\u00e9moire, la prise de d\u00e9cision et la r\u00e9solution de probl\u00e8mes.<br \/>\nR\u00e9duction du stress.<br \/>\nUne micro-sieste peut aider \u00e0 r\u00e9duire le stress et l&#8217;anxi\u00e9t\u00e9.<br \/>\nAm\u00e9lioration de la cr\u00e9ativit\u00e9 : une micro-sieste peut aider \u00e0 am\u00e9liorer la cr\u00e9ativit\u00e9 et l&#8217;imagination.<br \/>\nSommeil et la chronobiologie<br \/>\nLes micro-siestes sont particuli\u00e8rement b\u00e9n\u00e9fiques pour les personnes qui travaillent ou \u00e9tudient pendant la journ\u00e9e. Elles peuvent \u00e9galement \u00eatre utiles pour les personnes qui se sentent fatigu\u00e9es ou stress\u00e9es.<\/p>\n<p>Pour qu&#8217;une micro-sieste soit efficace, il est important de respecter quelques r\u00e8gles :<\/p>\n<p>La dur\u00e9e : la dur\u00e9e id\u00e9ale d&#8217;une micro-sieste est comprise entre 5 et 30 minutes. Si la sieste est trop courte, elle n&#8217;aura pas le temps d&#8217;\u00eatre b\u00e9n\u00e9fique. Si elle est trop longue, le corps entrera dans une phase de sommeil profond, ce qui peut entra\u00eener une somnolence au r\u00e9veil.<br \/>\nLe moment : le moment id\u00e9al pour faire une micro-sieste est en d\u00e9but d&#8217;apr\u00e8s-midi, apr\u00e8s le d\u00e9jeuner. C&#8217;est \u00e0 ce moment que la fatigue commence \u00e0 se faire sentir.<br \/>\nLe lieu : le lieu id\u00e9al pour faire une micro-sieste est un endroit calme et sombre. Il est important de se sentir \u00e0 l&#8217;aise et de pouvoir se reposer sans \u00eatre d\u00e9rang\u00e9.<br \/>\nSi vous souhaitez essayer les micro-siestes, commencez par une dur\u00e9e de 10 minutes et observez les effets. Vous pouvez ensuite ajuster la dur\u00e9e en fonction de vos besoins.<\/p>\n<p>Voici quelques conseils pour vous aider \u00e0 vous endormir rapidement :<br \/>\nInstallez-vous confortablement : trouvez une position qui vous permette de vous d\u00e9tendre et de vous reposer.<br \/>\nFermez les yeux : fermer les yeux permet au corps de se d\u00e9tendre et de favoriser l&#8217;endormissement.<br \/>\nPensez \u00e0 des choses agr\u00e9ables : pensez \u00e0 des choses qui vous font plaisir, comme des vacances, des moments pass\u00e9s avec vos proches ou des activit\u00e9s que vous aimez.<\/p>\n<p>Avec un peu de pratique, vous devriez rapidement apprendre \u00e0 faire des micro-siestes efficaces qui vous permettront de vous reposer et de r\u00e9cup\u00e9rer.<\/p>\n","protected":false},"excerpt":{"rendered":"<p>L&#8217;apologie des micro-siestes Une micro-sieste est une courte p\u00e9riode de sommeil, g\u00e9n\u00e9ralement comprise entre 5 et 30 minutes. Elle permet au corps et \u00e0 l&#8217;esprit de<span class=\"excerpt-hellip\"> [\u2026]<\/span><\/p>\n","protected":false},"author":3,"featured_media":4820,"comment_status":"open","ping_status":"open","sticky":false,"template":"","format":"standard","meta":{"footnotes":""},"categories":[4],"tags":[],"class_list":["post-4818","post","type-post","status-publish","format-standard","has-post-thumbnail","hentry","category-actu-sante"],"yoast_head":"<!-- This site is optimized with the Yoast SEO plugin v26.6 - https:\/\/yoast.com\/wordpress\/plugins\/seo\/ -->\n<title>Chut, je dors ou l&#039;apologie de la micro-sieste...<\/title>\n<meta name=\"description\" content=\"Une micro-sieste est une courte p\u00e9riode de sommeil, g\u00e9n\u00e9ralement comprise entre 5 et 30 minutes qui a de multiples bienfaits.\" \/>\n<meta name=\"robots\" content=\"index, follow, max-snippet:-1, max-image-preview:large, max-video-preview:-1\" \/>\n<link rel=\"canonical\" href=\"https:\/\/www.pharmacie-homeopathie.com\/blog\/chut-je-dors-apologie-de-la-micro-sieste\/\" \/>\n<meta property=\"og:locale\" content=\"fr_FR\" \/>\n<meta property=\"og:type\" content=\"article\" \/>\n<meta property=\"og:title\" content=\"Chut, je dors ou l&#039;apologie de la micro-sieste...\" \/>\n<meta property=\"og:description\" content=\"Une micro-sieste est une courte p\u00e9riode de sommeil, g\u00e9n\u00e9ralement comprise entre 5 et 30 minutes qui a de multiples bienfaits.\" \/>\n<meta property=\"og:url\" content=\"https:\/\/www.pharmacie-homeopathie.com\/blog\/chut-je-dors-apologie-de-la-micro-sieste\/\" \/>\n<meta property=\"og:site_name\" content=\"HOMEO EXPERT\u00ae\" \/>\n<meta property=\"article:publisher\" content=\"https:\/\/www.facebook.com\/HomeoExpert\/\" \/>\n<meta property=\"article:author\" content=\"https:\/\/www.facebook.com\/HomeoExpert\" \/>\n<meta property=\"article:published_time\" content=\"2024-01-08T13:12:02+00:00\" \/>\n<meta property=\"article:modified_time\" content=\"2025-09-12T06:53:24+00:00\" \/>\n<meta property=\"og:image\" content=\"https:\/\/www.pharmacie-homeopathie.com\/blog\/wp-content\/uploads\/2024\/01\/apologie-de-la-micro-sieste.jpg\" \/>\n\t<meta property=\"og:image:width\" content=\"1024\" \/>\n\t<meta property=\"og:image:height\" content=\"636\" \/>\n\t<meta property=\"og:image:type\" content=\"image\/jpeg\" \/>\n<meta name=\"author\" content=\"H\u00e9l\u00e8ne Gaillard - Pharmacienne \u00e0 la PHC\" \/>\n<meta name=\"twitter:card\" content=\"summary_large_image\" \/>\n<meta name=\"twitter:creator\" content=\"@HBerrueGaillard\" \/>\n<meta name=\"twitter:site\" content=\"@PharmaHomeo\" \/>\n<meta name=\"twitter:label1\" content=\"\u00c9crit par\" \/>\n\t<meta name=\"twitter:data1\" content=\"H\u00e9l\u00e8ne Gaillard - Pharmacienne \u00e0 la PHC\" \/>\n\t<meta name=\"twitter:label2\" content=\"Dur\u00e9e de lecture estim\u00e9e\" \/>\n\t<meta name=\"twitter:data2\" content=\"3 minutes\" \/>\n<!-- \/ Yoast SEO plugin. -->","yoast_head_json":{"title":"Chut, je dors ou l'apologie de la micro-sieste...","description":"Une micro-sieste est une courte p\u00e9riode de sommeil, g\u00e9n\u00e9ralement comprise entre 5 et 30 minutes qui a de multiples bienfaits.","robots":{"index":"index","follow":"follow","max-snippet":"max-snippet:-1","max-image-preview":"max-image-preview:large","max-video-preview":"max-video-preview:-1"},"canonical":"https:\/\/www.pharmacie-homeopathie.com\/blog\/chut-je-dors-apologie-de-la-micro-sieste\/","og_locale":"fr_FR","og_type":"article","og_title":"Chut, je dors ou l'apologie de la micro-sieste...","og_description":"Une micro-sieste est une courte p\u00e9riode de sommeil, g\u00e9n\u00e9ralement comprise entre 5 et 30 minutes qui a de multiples bienfaits.","og_url":"https:\/\/www.pharmacie-homeopathie.com\/blog\/chut-je-dors-apologie-de-la-micro-sieste\/","og_site_name":"HOMEO EXPERT\u00ae","article_publisher":"https:\/\/www.facebook.com\/HomeoExpert\/","article_author":"https:\/\/www.facebook.com\/HomeoExpert","article_published_time":"2024-01-08T13:12:02+00:00","article_modified_time":"2025-09-12T06:53:24+00:00","og_image":[{"width":1024,"height":636,"url":"https:\/\/www.pharmacie-homeopathie.com\/blog\/wp-content\/uploads\/2024\/01\/apologie-de-la-micro-sieste.jpg","type":"image\/jpeg"}],"author":"H\u00e9l\u00e8ne Gaillard - Pharmacienne \u00e0 la PHC","twitter_card":"summary_large_image","twitter_creator":"@HBerrueGaillard","twitter_site":"@PharmaHomeo","twitter_misc":{"\u00c9crit par":"H\u00e9l\u00e8ne Gaillard - Pharmacienne \u00e0 la PHC","Dur\u00e9e de lecture estim\u00e9e":"3 minutes"},"schema":{"@context":"https:\/\/schema.org","@graph":[{"@type":"Article","@id":"https:\/\/www.pharmacie-homeopathie.com\/blog\/chut-je-dors-apologie-de-la-micro-sieste\/#article","isPartOf":{"@id":"https:\/\/www.pharmacie-homeopathie.com\/blog\/chut-je-dors-apologie-de-la-micro-sieste\/"},"author":{"name":"H\u00e9l\u00e8ne Gaillard - Pharmacienne \u00e0 la PHC","@id":"https:\/\/www.pharmacie-homeopathie.com\/blog\/#\/schema\/person\/da8c737b6b3ffd91c8a027a379df93c4"},"headline":"Chut, je dors !","datePublished":"2024-01-08T13:12:02+00:00","dateModified":"2025-09-12T06:53:24+00:00","mainEntityOfPage":{"@id":"https:\/\/www.pharmacie-homeopathie.com\/blog\/chut-je-dors-apologie-de-la-micro-sieste\/"},"wordCount":674,"commentCount":0,"publisher":{"@id":"https:\/\/www.pharmacie-homeopathie.com\/blog\/#organization"},"image":{"@id":"https:\/\/www.pharmacie-homeopathie.com\/blog\/chut-je-dors-apologie-de-la-micro-sieste\/#primaryimage"},"thumbnailUrl":"https:\/\/www.pharmacie-homeopathie.com\/blog\/wp-content\/uploads\/2024\/01\/apologie-de-la-micro-sieste.jpg","articleSection":["Nos conseils"],"inLanguage":"fr-FR","potentialAction":[{"@type":"CommentAction","name":"Comment","target":["https:\/\/www.pharmacie-homeopathie.com\/blog\/chut-je-dors-apologie-de-la-micro-sieste\/#respond"]}]},{"@type":"WebPage","@id":"https:\/\/www.pharmacie-homeopathie.com\/blog\/chut-je-dors-apologie-de-la-micro-sieste\/","url":"https:\/\/www.pharmacie-homeopathie.com\/blog\/chut-je-dors-apologie-de-la-micro-sieste\/","name":"Chut, je dors ou l'apologie de la micro-sieste...","isPartOf":{"@id":"https:\/\/www.pharmacie-homeopathie.com\/blog\/#website"},"primaryImageOfPage":{"@id":"https:\/\/www.pharmacie-homeopathie.com\/blog\/chut-je-dors-apologie-de-la-micro-sieste\/#primaryimage"},"image":{"@id":"https:\/\/www.pharmacie-homeopathie.com\/blog\/chut-je-dors-apologie-de-la-micro-sieste\/#primaryimage"},"thumbnailUrl":"https:\/\/www.pharmacie-homeopathie.com\/blog\/wp-content\/uploads\/2024\/01\/apologie-de-la-micro-sieste.jpg","datePublished":"2024-01-08T13:12:02+00:00","dateModified":"2025-09-12T06:53:24+00:00","description":"Une micro-sieste est une courte p\u00e9riode de sommeil, g\u00e9n\u00e9ralement comprise entre 5 et 30 minutes qui a de multiples bienfaits.","breadcrumb":{"@id":"https:\/\/www.pharmacie-homeopathie.com\/blog\/chut-je-dors-apologie-de-la-micro-sieste\/#breadcrumb"},"inLanguage":"fr-FR","potentialAction":[{"@type":"ReadAction","target":["https:\/\/www.pharmacie-homeopathie.com\/blog\/chut-je-dors-apologie-de-la-micro-sieste\/"]}]},{"@type":"ImageObject","inLanguage":"fr-FR","@id":"https:\/\/www.pharmacie-homeopathie.com\/blog\/chut-je-dors-apologie-de-la-micro-sieste\/#primaryimage","url":"https:\/\/www.pharmacie-homeopathie.com\/blog\/wp-content\/uploads\/2024\/01\/apologie-de-la-micro-sieste.jpg","contentUrl":"https:\/\/www.pharmacie-homeopathie.com\/blog\/wp-content\/uploads\/2024\/01\/apologie-de-la-micro-sieste.jpg","width":1024,"height":636,"caption":"apologie de la micro-sieste"},{"@type":"BreadcrumbList","@id":"https:\/\/www.pharmacie-homeopathie.com\/blog\/chut-je-dors-apologie-de-la-micro-sieste\/#breadcrumb","itemListElement":[{"@type":"ListItem","position":1,"name":"Accueil","item":"https:\/\/www.pharmacie-homeopathie.com\/blog\/"},{"@type":"ListItem","position":2,"name":"Nos conseils","item":"https:\/\/www.pharmacie-homeopathie.com\/blog\/category\/actu-sante\/"},{"@type":"ListItem","position":3,"name":"Chut, je dors !"}]},{"@type":"WebSite","@id":"https:\/\/www.pharmacie-homeopathie.com\/blog\/#website","url":"https:\/\/www.pharmacie-homeopathie.com\/blog\/","name":"HOMEO EXPERT\u00ae","description":"Le blog de la Pharmacie Hom\u00e9opathique Centrale \u00e0 Paris","publisher":{"@id":"https:\/\/www.pharmacie-homeopathie.com\/blog\/#organization"},"potentialAction":[{"@type":"SearchAction","target":{"@type":"EntryPoint","urlTemplate":"https:\/\/www.pharmacie-homeopathie.com\/blog\/?s={search_term_string}"},"query-input":{"@type":"PropertyValueSpecification","valueRequired":true,"valueName":"search_term_string"}}],"inLanguage":"fr-FR"},{"@type":"Organization","@id":"https:\/\/www.pharmacie-homeopathie.com\/blog\/#organization","name":"Pharmacie Hom\u00e9opathique Centrale Paris - PHC","url":"https:\/\/www.pharmacie-homeopathie.com\/blog\/","logo":{"@type":"ImageObject","inLanguage":"fr-FR","@id":"https:\/\/www.pharmacie-homeopathie.com\/blog\/#\/schema\/logo\/image\/","url":"https:\/\/www.pharmacie-homeopathie.com\/blog\/wp-content\/uploads\/2018\/11\/phc-logo.png","contentUrl":"https:\/\/www.pharmacie-homeopathie.com\/blog\/wp-content\/uploads\/2018\/11\/phc-logo.png","width":280,"height":113,"caption":"Pharmacie Hom\u00e9opathique Centrale Paris - PHC"},"image":{"@id":"https:\/\/www.pharmacie-homeopathie.com\/blog\/#\/schema\/logo\/image\/"},"sameAs":["https:\/\/www.facebook.com\/HomeoExpert\/","https:\/\/x.com\/PharmaHomeo","https:\/\/www.youtube.com\/channel\/UCjrIcslKFiRvnhDZ26jyXYQ","https:\/\/www.pinterest.fr\/pin\/103864335143240482\/"]},{"@type":"Person","@id":"https:\/\/www.pharmacie-homeopathie.com\/blog\/#\/schema\/person\/da8c737b6b3ffd91c8a027a379df93c4","name":"H\u00e9l\u00e8ne Gaillard - Pharmacienne \u00e0 la PHC","image":{"@type":"ImageObject","inLanguage":"fr-FR","@id":"https:\/\/www.pharmacie-homeopathie.com\/blog\/#\/schema\/person\/image\/","url":"https:\/\/secure.gravatar.com\/avatar\/62bb826f364c8f69694d23642e4dbaa9ef15bdd269e8ad2f38e407c43ba0b8ca?s=96&d=blank&r=g","contentUrl":"https:\/\/secure.gravatar.com\/avatar\/62bb826f364c8f69694d23642e4dbaa9ef15bdd269e8ad2f38e407c43ba0b8ca?s=96&d=blank&r=g","caption":"H\u00e9l\u00e8ne Gaillard - Pharmacienne \u00e0 la PHC"},"sameAs":["https:\/\/www.facebook.com\/HomeoExpert","https:\/\/www.linkedin.com\/in\/hlne-berrue-gaillard-7668202a\/","https:\/\/x.com\/HBerrueGaillard"]}]}},"_links":{"self":[{"href":"https:\/\/www.pharmacie-homeopathie.com\/blog\/wp-json\/wp\/v2\/posts\/4818","targetHints":{"allow":["GET"]}}],"collection":[{"href":"https:\/\/www.pharmacie-homeopathie.com\/blog\/wp-json\/wp\/v2\/posts"}],"about":[{"href":"https:\/\/www.pharmacie-homeopathie.com\/blog\/wp-json\/wp\/v2\/types\/post"}],"author":[{"embeddable":true,"href":"https:\/\/www.pharmacie-homeopathie.com\/blog\/wp-json\/wp\/v2\/users\/3"}],"replies":[{"embeddable":true,"href":"https:\/\/www.pharmacie-homeopathie.com\/blog\/wp-json\/wp\/v2\/comments?post=4818"}],"version-history":[{"count":3,"href":"https:\/\/www.pharmacie-homeopathie.com\/blog\/wp-json\/wp\/v2\/posts\/4818\/revisions"}],"predecessor-version":[{"id":4961,"href":"https:\/\/www.pharmacie-homeopathie.com\/blog\/wp-json\/wp\/v2\/posts\/4818\/revisions\/4961"}],"wp:featuredmedia":[{"embeddable":true,"href":"https:\/\/www.pharmacie-homeopathie.com\/blog\/wp-json\/wp\/v2\/media\/4820"}],"wp:attachment":[{"href":"https:\/\/www.pharmacie-homeopathie.com\/blog\/wp-json\/wp\/v2\/media?parent=4818"}],"wp:term":[{"taxonomy":"category","embeddable":true,"href":"https:\/\/www.pharmacie-homeopathie.com\/blog\/wp-json\/wp\/v2\/categories?post=4818"},{"taxonomy":"post_tag","embeddable":true,"href":"https:\/\/www.pharmacie-homeopathie.com\/blog\/wp-json\/wp\/v2\/tags?post=4818"}],"curies":[{"name":"wp","href":"https:\/\/api.w.org\/{rel}","templated":true}]}}