{"id":4552,"date":"2022-07-28T12:14:35","date_gmt":"2022-07-28T10:14:35","guid":{"rendered":"https:\/\/www.pharmacie-homeopathie.com\/blog\/?p=4552"},"modified":"2022-10-17T12:13:18","modified_gmt":"2022-10-17T10:13:18","slug":"allergie-soleil-ou-lucite-estivale-benigne","status":"publish","type":"post","link":"https:\/\/www.pharmacie-homeopathie.com\/blog\/allergie-soleil-ou-lucite-estivale-benigne\/","title":{"rendered":"Allergie au soleil ou lucite estivale b\u00e9nigne"},"content":{"rendered":"<h2>Coup de soleil ou lucite estivale ?<\/h2>\n<h3>Comment diff\u00e9rencier ces deux r\u00e9actions provoqu\u00e9es par une exposition au soleil ?<\/h3>\n<p>Le <strong>coup de soleil<\/strong> est une br\u00fblure induite par les <strong>UVB<\/strong>\u00a0et se manifeste par l\u2019apparition de rougeurs accompagn\u00e9es d\u2019une sensation de chaleur. S\u2019il peut \u00eatre d\u2019intensit\u00e9 variable et n\u00e9cessite parfois une prise en charge m\u00e9dicale, il n\u2019est cependant pas source de d\u00e9mangeaisons intenses comme dans le cas de la <strong>lucite estivale b\u00e9nigne<\/strong>. Celle-ci est provoqu\u00e9e par les <strong>UVA<\/strong>\u00a0: c\u2019est une <strong>r\u00e9action de type allergique, <\/strong>caract\u00e9ris\u00e9e par une \u00e9ruption de petites plaques rouges un peu sur\u00e9lev\u00e9es et de v\u00e9sicules (petites bulles remplies de liquides).<\/p>\n<p><a href=\"https:\/\/www.pharmacie-homeopathie.com\/blog\/wp-content\/uploads\/2022\/07\/allergie-soleil-lucite-estivale-e1665149903680.jpg\"><img loading=\"lazy\" decoding=\"async\" class=\"alignnone wp-image-4677 size-large\" title=\"Lucite estivale : allergie au soleil\" src=\"https:\/\/www.pharmacie-homeopathie.com\/blog\/wp-content\/uploads\/2022\/07\/allergie-soleil-lucite-estivale-e1665149903680-1024x563.jpg\" alt=\"Lucite estivale : allergie au soleil\" width=\"1024\" height=\"563\" srcset=\"https:\/\/www.pharmacie-homeopathie.com\/blog\/wp-content\/uploads\/2022\/07\/allergie-soleil-lucite-estivale-e1665149903680-1024x563.jpg 1024w, https:\/\/www.pharmacie-homeopathie.com\/blog\/wp-content\/uploads\/2022\/07\/allergie-soleil-lucite-estivale-e1665149903680-300x165.jpg 300w, https:\/\/www.pharmacie-homeopathie.com\/blog\/wp-content\/uploads\/2022\/07\/allergie-soleil-lucite-estivale-e1665149903680-768x422.jpg 768w, https:\/\/www.pharmacie-homeopathie.com\/blog\/wp-content\/uploads\/2022\/07\/allergie-soleil-lucite-estivale-e1665149903680-1536x845.jpg 1536w, https:\/\/www.pharmacie-homeopathie.com\/blog\/wp-content\/uploads\/2022\/07\/allergie-soleil-lucite-estivale-e1665149903680-260x143.jpg 260w, https:\/\/www.pharmacie-homeopathie.com\/blog\/wp-content\/uploads\/2022\/07\/allergie-soleil-lucite-estivale-e1665149903680-50x28.jpg 50w, https:\/\/www.pharmacie-homeopathie.com\/blog\/wp-content\/uploads\/2022\/07\/allergie-soleil-lucite-estivale-e1665149903680-136x75.jpg 136w, https:\/\/www.pharmacie-homeopathie.com\/blog\/wp-content\/uploads\/2022\/07\/allergie-soleil-lucite-estivale-e1665149903680.jpg 1920w\" sizes=\"auto, (max-width: 1024px) 100vw, 1024px\" \/><\/a><\/p>\n<p>La lucite estivale touche environ 10% de la population adulte et concerne principalement les femmes. Elle apparait dans les deux \u00e0 trois jours suivant une premi\u00e8re exposition intense et\/ou prolong\u00e9e et s\u2019observe surtout sur le d\u00e9collet\u00e9, les \u00e9paules et les membres. Elle r\u00e9gresse en g\u00e9n\u00e9ral en cinq \u00e0 quinze jours, mais a tendance \u00e0 r\u00e9cidiver chaque ann\u00e9e, parfois m\u00eame en s\u2019aggravant.<\/p>\n<p>Pour \u00e9viter ou limiter le d\u00e9veloppement de cette allergie, il est recommand\u00e9 d\u2019utiliser des produits solaires de haute protection, \u00e0 large spectre, et de les appliquer une trentaine de minutes avant de s\u2019exposer au soleil. En phase aig\u00fce, il est conseill\u00e9 notamment de cesser l\u2019exposition et de bien hydrater la peau.<\/p>\n<p>Il est aussi possible de soulager cette affection cutan\u00e9e \u00e0 l\u2019aide d\u2019<em>hydrolats<\/em>, <a href=\"https:\/\/www.pharmacie-homeopathie-generale.fr\/24-huiles-essentielles-bio\">huiles essentielles<\/a> et huiles v\u00e9g\u00e9tales. L\u2019huile essentielle de Camomille allemande ou Camomille matricaire, <em>Matricaria recutita\u00a0<\/em>est particuli\u00e8rement int\u00e9ressante dans ce contexte. Plante annuelle de nos terroirs, la Camomille allemande donne une huile essentielle de couleur bleue, gr\u00e2ce au chamazul\u00e8ne qu\u2019elle contient. Sa composition biochimique lui conf\u00e8re des propri\u00e9t\u00e9s anti-inflammatoires, antiallergiques et antiprurigineuses particuli\u00e8rement int\u00e9ressantes pour calmer les inflammations et d\u00e9mangeaisons cutan\u00e9es.<\/p>\n<h2>Conseils d\u2019expert pour la lucite estivale<\/h2>\n<h3><strong>M\u00e9lange d\u2019hydrolats, Eau charg\u00e9e, par distillation, de principes v\u00e9g\u00e9taux volatils. \u00a0(HA) :<\/strong><\/h3>\n<ul>\n<li>HA Camomille allemande &#8211; 100 ml<\/li>\n<li>HA Lavande fine ou HA Rose de Damas &#8211;\u00a0 100 ml<\/li>\n<\/ul>\n<p><strong>Mode d\u2019utilisation<\/strong>\u00a0: r\u00e9aliser le m\u00e9lange dans un flacon de 200 ml, le conserver au r\u00e9frig\u00e9rateur et le pulv\u00e9riser ou l\u2019appliquer sur les zones concern\u00e9es 2 \u00e0 4 fois par jour.<\/p>\n<h3><a href=\"https:\/\/www.pharmacie-homeopathie-generale.fr\/24-huiles-essentielles-bio\">Synergie d\u2019huiles essentielles (HE)<\/a>\u00a0:<\/h3>\n<ol>\n<li>HE Camomille allemande, <em>Matricaria recutita &#8211; <\/em>25 gouttes<\/li>\n<li>HE Camomille romaine, <em>Chamemelum nobile &#8211; <\/em>15 gouttes<\/li>\n<li>HE G\u00e9ranium d\u2019Egypte, <em>Pelargonium graveolens<\/em>\u00a0 &#8211; 30 gouttes<\/li>\n<li><a href=\"https:\/\/www.pharmacie-homeopathie-generale.fr\/63-huiles-vegetales-en-aromatherapie\">HV Rose musqu\u00e9e<\/a>\u00a0 &#8211; 15 ml (1 cuill\u00e8re \u00e0 soupe)<\/li>\n<li>MH Calendula &#8211; QSP 30 ml (QSP = Quantit\u00e9 Suffisante Pour)<\/li>\n<\/ol>\n<p><strong>Mode d\u2019utilisation<\/strong>\u00a0: dans un flacon compte-goutte en verre teint\u00e9 de 30 ml, d\u00e9poser les <a href=\"https:\/\/www.pharmacie-homeopathie-generale.fr\/24-huiles-essentielles-bio\">huiles essentielles<\/a> dans les quantit\u00e9s indiqu\u00e9es et compl\u00e9ter avec l\u2019<a href=\"https:\/\/www.pharmacie-homeopathie-generale.fr\/63-huiles-vegetales-en-aromatherapiehttps:\/\/www.pharmacie-homeopathie-generale.fr\/63-huiles-vegetales-en-aromatherapie\">huile v\u00e9g\u00e9tale de Rose musqu\u00e9e<\/a>, puis le mac\u00e9rat huileux de Calendula. Appliquer ensuite le m\u00e9lange sur les zones du corps concern\u00e9es, id\u00e9alement apr\u00e8s la pulv\u00e9risation d\u2019hydrolats, le soir au coucher.Vous trouverez \u00e9galement des conseils sur les soins \u00e0 apporter \u00e0 sa peau en cas de coups de soleil <a href=\"https:\/\/www.pharmacie-homeopathie.com\/blog\/que-faire-en-cas-de-coup-de-soleil\/\">dans l\u2019article : \u00a0<\/a><strong>Coups de soleil\u00a0\u00bb.<\/strong><\/p>\n<h4><strong>Pr\u00e9cautions d\u2019emploi\u00a0:<\/strong><\/h4>\n<ul>\n<li>HE Camomille allemande\u00a0: d\u00e9conseill\u00e9e chez la femme enceinte et allaitante et chez l\u2019enfant de moins de 7 ans. Prudence en cas de pathologie hormonod\u00e9pendante.<\/li>\n<li>HE Camomille romaine (ou Camomille noble) et HE G\u00e9ranium d\u2019Egypte\u00a0: d\u00e9conseill\u00e9e au premier trimestre de la grossesse et chez le nourrisson.<\/li>\n<\/ul>\n<p>Pour chaque <a href=\"https:\/\/www.pharmacie-homeopathie-generale.fr\/24-huiles-essentielles-bio\">huile essentielle<\/a>, bien respecter modes d\u2019utilisation et dosages propres \u00e0 chaque tranche d\u2019\u00e2ge. <em>\u00a0<\/em>Marie-Am\u00e9lie de Bernouis |\u00a0Docteur en Pharmacie &amp; aromatologue<\/p>\n","protected":false},"excerpt":{"rendered":"<p>Coup de soleil ou lucite estivale ? Comment diff\u00e9rencier ces deux r\u00e9actions provoqu\u00e9es par une exposition au soleil ? Le coup de soleil est une br\u00fblure<span class=\"excerpt-hellip\"> [\u2026]<\/span><\/p>\n","protected":false},"author":3,"featured_media":4677,"comment_status":"open","ping_status":"open","sticky":false,"template":"","format":"standard","meta":{"footnotes":""},"categories":[4],"tags":[],"class_list":["post-4552","post","type-post","status-publish","format-standard","has-post-thumbnail","hentry","category-actu-sante"],"yoast_head":"<!-- This site is optimized with the Yoast SEO plugin v26.6 - https:\/\/yoast.com\/wordpress\/plugins\/seo\/ -->\n<title>Allergie au soleil ou lucite estivale. Zoom sur l&#039;aromath\u00e9rapie<\/title>\n<meta name=\"description\" content=\"Coup de soleil ou lucite estivale ? Comment diff\u00e9rencier ces deux r\u00e9actions provoqu\u00e9es par une exposition au soleil ? Conseils d&#039;experts.\" \/>\n<meta name=\"robots\" content=\"index, follow, max-snippet:-1, max-image-preview:large, max-video-preview:-1\" \/>\n<link rel=\"canonical\" href=\"https:\/\/www.pharmacie-homeopathie.com\/blog\/allergie-soleil-ou-lucite-estivale-benigne\/\" \/>\n<meta property=\"og:locale\" content=\"fr_FR\" \/>\n<meta property=\"og:type\" content=\"article\" \/>\n<meta property=\"og:title\" content=\"Allergie au soleil ou lucite estivale. Zoom sur l&#039;aromath\u00e9rapie\" \/>\n<meta property=\"og:description\" content=\"Coup de soleil ou lucite estivale ? Comment diff\u00e9rencier ces deux r\u00e9actions provoqu\u00e9es par une exposition au soleil ? Conseils d&#039;experts.\" \/>\n<meta property=\"og:url\" content=\"https:\/\/www.pharmacie-homeopathie.com\/blog\/allergie-soleil-ou-lucite-estivale-benigne\/\" \/>\n<meta property=\"og:site_name\" content=\"HOMEO EXPERT\u00ae\" \/>\n<meta property=\"article:publisher\" content=\"https:\/\/www.facebook.com\/HomeoExpert\/\" \/>\n<meta property=\"article:author\" content=\"https:\/\/www.facebook.com\/HomeoExpert\" \/>\n<meta property=\"article:published_time\" content=\"2022-07-28T10:14:35+00:00\" \/>\n<meta property=\"article:modified_time\" content=\"2022-10-17T10:13:18+00:00\" \/>\n<meta property=\"og:image\" content=\"https:\/\/www.pharmacie-homeopathie.com\/blog\/wp-content\/uploads\/2022\/07\/allergie-soleil-lucite-estivale-e1665149903680.jpg\" \/>\n\t<meta property=\"og:image:width\" content=\"1920\" \/>\n\t<meta property=\"og:image:height\" content=\"1056\" \/>\n\t<meta property=\"og:image:type\" content=\"image\/jpeg\" \/>\n<meta name=\"author\" content=\"H\u00e9l\u00e8ne Gaillard - Pharmacienne \u00e0 la PHC\" \/>\n<meta name=\"twitter:card\" content=\"summary_large_image\" \/>\n<meta name=\"twitter:image\" content=\"https:\/\/www.pharmacie-homeopathie.com\/blog\/wp-content\/uploads\/2022\/07\/allergie-soleil-lucite-estivale-e1665149903680.jpg\" \/>\n<meta name=\"twitter:creator\" content=\"@HBerrueGaillard\" \/>\n<meta name=\"twitter:site\" content=\"@PharmaHomeo\" \/>\n<meta name=\"twitter:label1\" content=\"\u00c9crit par\" \/>\n\t<meta name=\"twitter:data1\" content=\"H\u00e9l\u00e8ne Gaillard - Pharmacienne \u00e0 la PHC\" \/>\n\t<meta name=\"twitter:label2\" content=\"Dur\u00e9e de lecture estim\u00e9e\" \/>\n\t<meta name=\"twitter:data2\" content=\"3 minutes\" \/>\n<!-- \/ Yoast SEO plugin. -->","yoast_head_json":{"title":"Allergie au soleil ou lucite estivale. Zoom sur l'aromath\u00e9rapie","description":"Coup de soleil ou lucite estivale ? Comment diff\u00e9rencier ces deux r\u00e9actions provoqu\u00e9es par une exposition au soleil ? Conseils d'experts.","robots":{"index":"index","follow":"follow","max-snippet":"max-snippet:-1","max-image-preview":"max-image-preview:large","max-video-preview":"max-video-preview:-1"},"canonical":"https:\/\/www.pharmacie-homeopathie.com\/blog\/allergie-soleil-ou-lucite-estivale-benigne\/","og_locale":"fr_FR","og_type":"article","og_title":"Allergie au soleil ou lucite estivale. Zoom sur l'aromath\u00e9rapie","og_description":"Coup de soleil ou lucite estivale ? Comment diff\u00e9rencier ces deux r\u00e9actions provoqu\u00e9es par une exposition au soleil ? Conseils d'experts.","og_url":"https:\/\/www.pharmacie-homeopathie.com\/blog\/allergie-soleil-ou-lucite-estivale-benigne\/","og_site_name":"HOMEO EXPERT\u00ae","article_publisher":"https:\/\/www.facebook.com\/HomeoExpert\/","article_author":"https:\/\/www.facebook.com\/HomeoExpert","article_published_time":"2022-07-28T10:14:35+00:00","article_modified_time":"2022-10-17T10:13:18+00:00","og_image":[{"width":1920,"height":1056,"url":"https:\/\/www.pharmacie-homeopathie.com\/blog\/wp-content\/uploads\/2022\/07\/allergie-soleil-lucite-estivale-e1665149903680.jpg","type":"image\/jpeg"}],"author":"H\u00e9l\u00e8ne Gaillard - Pharmacienne \u00e0 la PHC","twitter_card":"summary_large_image","twitter_image":"https:\/\/www.pharmacie-homeopathie.com\/blog\/wp-content\/uploads\/2022\/07\/allergie-soleil-lucite-estivale-e1665149903680.jpg","twitter_creator":"@HBerrueGaillard","twitter_site":"@PharmaHomeo","twitter_misc":{"\u00c9crit par":"H\u00e9l\u00e8ne Gaillard - Pharmacienne \u00e0 la PHC","Dur\u00e9e de lecture estim\u00e9e":"3 minutes"},"schema":{"@context":"https:\/\/schema.org","@graph":[{"@type":"Article","@id":"https:\/\/www.pharmacie-homeopathie.com\/blog\/allergie-soleil-ou-lucite-estivale-benigne\/#article","isPartOf":{"@id":"https:\/\/www.pharmacie-homeopathie.com\/blog\/allergie-soleil-ou-lucite-estivale-benigne\/"},"author":{"name":"H\u00e9l\u00e8ne Gaillard - Pharmacienne \u00e0 la PHC","@id":"https:\/\/www.pharmacie-homeopathie.com\/blog\/#\/schema\/person\/da8c737b6b3ffd91c8a027a379df93c4"},"headline":"Allergie au soleil ou lucite estivale b\u00e9nigne","datePublished":"2022-07-28T10:14:35+00:00","dateModified":"2022-10-17T10:13:18+00:00","mainEntityOfPage":{"@id":"https:\/\/www.pharmacie-homeopathie.com\/blog\/allergie-soleil-ou-lucite-estivale-benigne\/"},"wordCount":635,"commentCount":0,"publisher":{"@id":"https:\/\/www.pharmacie-homeopathie.com\/blog\/#organization"},"image":{"@id":"https:\/\/www.pharmacie-homeopathie.com\/blog\/allergie-soleil-ou-lucite-estivale-benigne\/#primaryimage"},"thumbnailUrl":"https:\/\/www.pharmacie-homeopathie.com\/blog\/wp-content\/uploads\/2022\/07\/allergie-soleil-lucite-estivale-e1665149903680.jpg","articleSection":["Nos conseils"],"inLanguage":"fr-FR","potentialAction":[{"@type":"CommentAction","name":"Comment","target":["https:\/\/www.pharmacie-homeopathie.com\/blog\/allergie-soleil-ou-lucite-estivale-benigne\/#respond"]}]},{"@type":"WebPage","@id":"https:\/\/www.pharmacie-homeopathie.com\/blog\/allergie-soleil-ou-lucite-estivale-benigne\/","url":"https:\/\/www.pharmacie-homeopathie.com\/blog\/allergie-soleil-ou-lucite-estivale-benigne\/","name":"Allergie au soleil ou lucite estivale. Zoom sur l'aromath\u00e9rapie","isPartOf":{"@id":"https:\/\/www.pharmacie-homeopathie.com\/blog\/#website"},"primaryImageOfPage":{"@id":"https:\/\/www.pharmacie-homeopathie.com\/blog\/allergie-soleil-ou-lucite-estivale-benigne\/#primaryimage"},"image":{"@id":"https:\/\/www.pharmacie-homeopathie.com\/blog\/allergie-soleil-ou-lucite-estivale-benigne\/#primaryimage"},"thumbnailUrl":"https:\/\/www.pharmacie-homeopathie.com\/blog\/wp-content\/uploads\/2022\/07\/allergie-soleil-lucite-estivale-e1665149903680.jpg","datePublished":"2022-07-28T10:14:35+00:00","dateModified":"2022-10-17T10:13:18+00:00","description":"Coup de soleil ou lucite estivale ? Comment diff\u00e9rencier ces deux r\u00e9actions provoqu\u00e9es par une exposition au soleil ? Conseils d'experts.","breadcrumb":{"@id":"https:\/\/www.pharmacie-homeopathie.com\/blog\/allergie-soleil-ou-lucite-estivale-benigne\/#breadcrumb"},"inLanguage":"fr-FR","potentialAction":[{"@type":"ReadAction","target":["https:\/\/www.pharmacie-homeopathie.com\/blog\/allergie-soleil-ou-lucite-estivale-benigne\/"]}]},{"@type":"ImageObject","inLanguage":"fr-FR","@id":"https:\/\/www.pharmacie-homeopathie.com\/blog\/allergie-soleil-ou-lucite-estivale-benigne\/#primaryimage","url":"https:\/\/www.pharmacie-homeopathie.com\/blog\/wp-content\/uploads\/2022\/07\/allergie-soleil-lucite-estivale-e1665149903680.jpg","contentUrl":"https:\/\/www.pharmacie-homeopathie.com\/blog\/wp-content\/uploads\/2022\/07\/allergie-soleil-lucite-estivale-e1665149903680.jpg","width":1920,"height":1056,"caption":"Lucite estivale : allergie au soleil"},{"@type":"BreadcrumbList","@id":"https:\/\/www.pharmacie-homeopathie.com\/blog\/allergie-soleil-ou-lucite-estivale-benigne\/#breadcrumb","itemListElement":[{"@type":"ListItem","position":1,"name":"Accueil","item":"https:\/\/www.pharmacie-homeopathie.com\/blog\/"},{"@type":"ListItem","position":2,"name":"Nos conseils","item":"https:\/\/www.pharmacie-homeopathie.com\/blog\/category\/actu-sante\/"},{"@type":"ListItem","position":3,"name":"Allergie au soleil ou lucite estivale b\u00e9nigne"}]},{"@type":"WebSite","@id":"https:\/\/www.pharmacie-homeopathie.com\/blog\/#website","url":"https:\/\/www.pharmacie-homeopathie.com\/blog\/","name":"HOMEO EXPERT\u00ae","description":"Le blog de la Pharmacie Hom\u00e9opathique Centrale \u00e0 Paris","publisher":{"@id":"https:\/\/www.pharmacie-homeopathie.com\/blog\/#organization"},"potentialAction":[{"@type":"SearchAction","target":{"@type":"EntryPoint","urlTemplate":"https:\/\/www.pharmacie-homeopathie.com\/blog\/?s={search_term_string}"},"query-input":{"@type":"PropertyValueSpecification","valueRequired":true,"valueName":"search_term_string"}}],"inLanguage":"fr-FR"},{"@type":"Organization","@id":"https:\/\/www.pharmacie-homeopathie.com\/blog\/#organization","name":"Pharmacie Hom\u00e9opathique Centrale Paris - PHC","url":"https:\/\/www.pharmacie-homeopathie.com\/blog\/","logo":{"@type":"ImageObject","inLanguage":"fr-FR","@id":"https:\/\/www.pharmacie-homeopathie.com\/blog\/#\/schema\/logo\/image\/","url":"https:\/\/www.pharmacie-homeopathie.com\/blog\/wp-content\/uploads\/2018\/11\/phc-logo.png","contentUrl":"https:\/\/www.pharmacie-homeopathie.com\/blog\/wp-content\/uploads\/2018\/11\/phc-logo.png","width":280,"height":113,"caption":"Pharmacie Hom\u00e9opathique Centrale Paris - PHC"},"image":{"@id":"https:\/\/www.pharmacie-homeopathie.com\/blog\/#\/schema\/logo\/image\/"},"sameAs":["https:\/\/www.facebook.com\/HomeoExpert\/","https:\/\/x.com\/PharmaHomeo","https:\/\/www.youtube.com\/channel\/UCjrIcslKFiRvnhDZ26jyXYQ","https:\/\/www.pinterest.fr\/pin\/103864335143240482\/"]},{"@type":"Person","@id":"https:\/\/www.pharmacie-homeopathie.com\/blog\/#\/schema\/person\/da8c737b6b3ffd91c8a027a379df93c4","name":"H\u00e9l\u00e8ne Gaillard - Pharmacienne \u00e0 la PHC","image":{"@type":"ImageObject","inLanguage":"fr-FR","@id":"https:\/\/www.pharmacie-homeopathie.com\/blog\/#\/schema\/person\/image\/","url":"https:\/\/secure.gravatar.com\/avatar\/62bb826f364c8f69694d23642e4dbaa9ef15bdd269e8ad2f38e407c43ba0b8ca?s=96&d=blank&r=g","contentUrl":"https:\/\/secure.gravatar.com\/avatar\/62bb826f364c8f69694d23642e4dbaa9ef15bdd269e8ad2f38e407c43ba0b8ca?s=96&d=blank&r=g","caption":"H\u00e9l\u00e8ne Gaillard - Pharmacienne \u00e0 la PHC"},"sameAs":["https:\/\/www.facebook.com\/HomeoExpert","https:\/\/www.linkedin.com\/in\/hlne-berrue-gaillard-7668202a\/","https:\/\/x.com\/HBerrueGaillard"]}]}},"_links":{"self":[{"href":"https:\/\/www.pharmacie-homeopathie.com\/blog\/wp-json\/wp\/v2\/posts\/4552","targetHints":{"allow":["GET"]}}],"collection":[{"href":"https:\/\/www.pharmacie-homeopathie.com\/blog\/wp-json\/wp\/v2\/posts"}],"about":[{"href":"https:\/\/www.pharmacie-homeopathie.com\/blog\/wp-json\/wp\/v2\/types\/post"}],"author":[{"embeddable":true,"href":"https:\/\/www.pharmacie-homeopathie.com\/blog\/wp-json\/wp\/v2\/users\/3"}],"replies":[{"embeddable":true,"href":"https:\/\/www.pharmacie-homeopathie.com\/blog\/wp-json\/wp\/v2\/comments?post=4552"}],"version-history":[{"count":8,"href":"https:\/\/www.pharmacie-homeopathie.com\/blog\/wp-json\/wp\/v2\/posts\/4552\/revisions"}],"predecessor-version":[{"id":4718,"href":"https:\/\/www.pharmacie-homeopathie.com\/blog\/wp-json\/wp\/v2\/posts\/4552\/revisions\/4718"}],"wp:featuredmedia":[{"embeddable":true,"href":"https:\/\/www.pharmacie-homeopathie.com\/blog\/wp-json\/wp\/v2\/media\/4677"}],"wp:attachment":[{"href":"https:\/\/www.pharmacie-homeopathie.com\/blog\/wp-json\/wp\/v2\/media?parent=4552"}],"wp:term":[{"taxonomy":"category","embeddable":true,"href":"https:\/\/www.pharmacie-homeopathie.com\/blog\/wp-json\/wp\/v2\/categories?post=4552"},{"taxonomy":"post_tag","embeddable":true,"href":"https:\/\/www.pharmacie-homeopathie.com\/blog\/wp-json\/wp\/v2\/tags?post=4552"}],"curies":[{"name":"wp","href":"https:\/\/api.w.org\/{rel}","templated":true}]}}